{"id":6021,"date":"2025-06-02T13:48:00","date_gmt":"2025-06-02T11:48:00","guid":{"rendered":"https:\/\/mshausmening.at\/?p=6021"},"modified":"2025-06-02T13:48:00","modified_gmt":"2025-06-02T11:48:00","slug":"guetesiegel-werkstatt-in-der-schule","status":"publish","type":"post","link":"https:\/\/mshausmening.at\/index.php\/2025\/06\/02\/guetesiegel-werkstatt-in-der-schule\/","title":{"rendered":"G\u00fctesiegel \u201eWerkstatt in der Schule\u201c"},"content":{"rendered":"\n<p>Wir freuen uns mit dem G\u00fctesiegel &#8222;Werkstatt in der Schule&#8220; ausgezeichnet worden zu sein. <\/p>\n\n\n\n<p><strong>Ehrung durch Bildungsdirektion und Land N\u00d6<\/strong><\/p>\n\n\n\n<p>Die Ehrung wird vom Land Nieder\u00f6sterreich gemeinsam mit der Bildungsdirektion Nieder\u00f6sterreich an Schulen verliehen, die durch besondere Projekte und Schwerpunkte im Bereich Werken und technischer Bildung hervorstechen.<\/p>\n\n\n\n<p><strong>Praktische Arbeit im Mittelpunkt &#8211; Keramikprojekt &#8222;Schmelzfeuer&#8220;<\/strong><\/p>\n\n\n\n<p>Im Mittelpunkt der Auszeichnung f\u00fcr unsere Schule stand das kreative Keramikprojekt \u201eSchmelzfeuer\u201c, das von Petra Kammleitner geleitet wurde. Die Sch\u00fclerinnen und Sch\u00fcler gestalteten im Rahmen des Projekts ein Keramikgef\u00e4\u00df mit Deckel, in das ein Glasfaserdocht eingesetzt wurde. Dieser wurde mit Wachs aufgef\u00fcllt und kann mit Kerzenresten immer wieder verwendet werden \u2013 ein nachhaltiger und zugleich k\u00fcnstlerisch anspruchsvoller Zugang zur Werkp\u00e4dagogik.<\/p>\n\n\n\n<p>Durch die praktische Arbeit lernten die Jugendlichen nicht nur den Umgang mit Ton und keramischen Techniken, sondern auch den bewussten Einsatz von Ressourcen. Das Projekt f\u00f6rderte sowohl handwerkliche Fertigkeiten als auch Kreativit\u00e4t und Eigenverantwortung.<\/p>\n\n\n\n<p><strong>Wir sind stolz auf unsere Sch\u00fcler\/innen und Lehrkr\u00e4fte<\/strong><\/p>\n\n\n\n<p>Unsere Schulgemeinschaft ist stolz auf diese besondere Anerkennung. Ein herzlicher Dank gilt allen Beteiligten, insbesondere den betreuenden Lehrpersonen, f\u00fcr ihren Einsatz und ihre Kreativit\u00e4t.<\/p>\n\n\n\n<p><a href=\"https:\/\/www.noen.at\/amstetten\/werkstatt-in-der-schule-feierlichkeit-fuer-schulen-mit-speziellen-werkstattprojekten-474610149\">Artikel in der N\u00d6N<\/a><\/p>\n\n\n\n<figure class=\"wp-block-image size-large\"><img loading=\"lazy\" decoding=\"async\" width=\"1024\" height=\"727\" src=\"https:\/\/mshausmening.at\/wp-content\/uploads\/2025\/06\/img-bYuAQAreBJlCs21h-1024x727.jpeg\" alt=\"\" class=\"wp-image-6023\" srcset=\"https:\/\/mshausmening.at\/wp-content\/uploads\/2025\/06\/img-bYuAQAreBJlCs21h-1024x727.jpeg 1024w, https:\/\/mshausmening.at\/wp-content\/uploads\/2025\/06\/img-bYuAQAreBJlCs21h-300x213.jpeg 300w, https:\/\/mshausmening.at\/wp-content\/uploads\/2025\/06\/img-bYuAQAreBJlCs21h-150x106.jpeg 150w, https:\/\/mshausmening.at\/wp-content\/uploads\/2025\/06\/img-bYuAQAreBJlCs21h-768x545.jpeg 768w, https:\/\/mshausmening.at\/wp-content\/uploads\/2025\/06\/img-bYuAQAreBJlCs21h-1536x1090.jpeg 1536w, https:\/\/mshausmening.at\/wp-content\/uploads\/2025\/06\/img-bYuAQAreBJlCs21h.jpeg 1920w\" sizes=\"auto, (max-width: 1024px) 100vw, 1024px\" \/><\/figure>\n\n\n\n<p>Fachinspektor f\u00fcr Musik und Kreativit\u00e4t Andreas Gruber, Bildungs-Landesr\u00e4tin Christiane Teschl-Hofmeister, Petra Kammleitner (N\u00d6MS Amstetten Hausmening und Mauer Jupiter Dolichenus), Sara Etzelsdorfer (N\u00d6MS Amstetten Hausmening), Helga Peschta, Sch\u00fcler Jonas Sch\u00f6rghuber, Sch\u00fclerin Anna Steindl, Monika Kaltenbrunner (alle N\u00d6MS Euratsfeld) und Bildungsdirektor Karl Fritthum.<\/p>\n\n\n\n<p>Foto:\u00a0NLK Burchhart<a href=\"mailto:?subject=N%C3%96N.at%3A%20Feierlichkeit%20f%C3%BCr%20Schulen%20mit%20speziellen%20Werkstattprojekten&amp;body=Link%20zum%20Artikel%3A%20https%3A%2F%2Fwww.noen.at%2Famstetten%2Fwerkstatt-in-der-schule-feierlichkeit-fuer-schulen-mit-speziellen-werkstattprojekten-474610149\"><\/a><a href=\"https:\/\/www.noen.at\/amstetten\/werkstatt-in-der-schule-feierlichkeit-fuer-schulen-mit-speziellen-werkstattprojekten-474610149#\"><\/a><\/p>\n\n\n\n<p><\/p>\n","protected":false},"excerpt":{"rendered":"<p>Wir freuen uns mit dem G\u00fctesiegel &#8222;Werkstatt in der Schule&#8220; ausgezeichnet worden zu sein. Ehrung durch Bildungsdirektion und Land N\u00d6 Die Ehrung wird vom Land Nieder\u00f6sterreich gemeinsam mit der Bildungsdirektion [&hellip;]<\/p>\n","protected":false},"author":33,"featured_media":6022,"comment_status":"closed","ping_status":"","sticky":false,"template":"","format":"standard","meta":{"_eb_attr":"","footnotes":""},"categories":[1],"tags":[],"class_list":["post-6021","post","type-post","status-publish","format-standard","has-post-thumbnail","hentry","category-info"],"_links":{"self":[{"href":"https:\/\/mshausmening.at\/index.php\/wp-json\/wp\/v2\/posts\/6021","targetHints":{"allow":["GET"]}}],"collection":[{"href":"https:\/\/mshausmening.at\/index.php\/wp-json\/wp\/v2\/posts"}],"about":[{"href":"https:\/\/mshausmening.at\/index.php\/wp-json\/wp\/v2\/types\/post"}],"author":[{"embeddable":true,"href":"https:\/\/mshausmening.at\/index.php\/wp-json\/wp\/v2\/users\/33"}],"replies":[{"embeddable":true,"href":"https:\/\/mshausmening.at\/index.php\/wp-json\/wp\/v2\/comments?post=6021"}],"version-history":[{"count":1,"href":"https:\/\/mshausmening.at\/index.php\/wp-json\/wp\/v2\/posts\/6021\/revisions"}],"predecessor-version":[{"id":6024,"href":"https:\/\/mshausmening.at\/index.php\/wp-json\/wp\/v2\/posts\/6021\/revisions\/6024"}],"wp:featuredmedia":[{"embeddable":true,"href":"https:\/\/mshausmening.at\/index.php\/wp-json\/wp\/v2\/media\/6022"}],"wp:attachment":[{"href":"https:\/\/mshausmening.at\/index.php\/wp-json\/wp\/v2\/media?parent=6021"}],"wp:term":[{"taxonomy":"category","embeddable":true,"href":"https:\/\/mshausmening.at\/index.php\/wp-json\/wp\/v2\/categories?post=6021"},{"taxonomy":"post_tag","embeddable":true,"href":"https:\/\/mshausmening.at\/index.php\/wp-json\/wp\/v2\/tags?post=6021"}],"curies":[{"name":"wp","href":"https:\/\/api.w.org\/{rel}","templated":true}]}}